{"id":10078,"date":"2023-03-02T10:40:13","date_gmt":"2023-03-02T16:40:13","guid":{"rendered":"https:\/\/conexionnacional.mx\/?p=10078"},"modified":"2023-03-02T10:40:13","modified_gmt":"2023-03-02T16:40:13","slug":"ninos-asesinados-en-michoacan","status":"publish","type":"post","link":"https:\/\/conexionnacional.mx\/index.php\/2023\/03\/02\/ninos-asesinados-en-michoacan\/","title":{"rendered":"M\u00e1s de una veintena de ni\u00f1os asesinados en Michoac\u00e1n"},"content":{"rendered":"\n<p>Por: <a href=\"https:\/\/radio-mejor.com\/mas-de-una-veintena-de-ninos-asesinados-en-michoacan\/\">radio-mejor.com<\/a>&nbsp; |<\/p>\n\n\n\n<p><strong>Al menos 24 ni\u00f1os Michoacanos fueron asesinados durante el 2022.<\/strong> Las condiciones de Violencia impactaron de nueva cuenta al sector de mayor vulnerabilidad en todo el estado de Michoac\u00e1n.<\/p>\n\n\n\n<p>En el marco de la entrega de informe de actividades de la Fiscal\u00eda General de Michoac\u00e1n, el fiscal Adri\u00e1n L\u00f3pez Sol\u00eds reconoci\u00f3 que se tienen que tomar medidas urgentes para contener la problem\u00e1tica.<\/p>\n\n\n\n<p>Actualmente se han iniciado di\u00e1logos con la<strong> Conavim<\/strong> y otras dependencias federales para atender el fen\u00f3meno que a\u00f1o con a\u00f1o incrementa en las cifras de preocupaci\u00f3n.<\/p>\n\n\n\n<p>Durante los 12 meses del 2021, <strong>Michoac\u00e1n registr\u00f3 32 asesinatos de menores de 18 a\u00f1os<\/strong>, lo cual le coloc\u00f3 en el segundo lugar a nivel nacional, por debajo de<strong> Guanajuato con 60 v\u00edctimas<\/strong> y por encima de Estado de <strong>M\u00e9xico que registr\u00f3 32 v\u00edctimas<\/strong>. En total, fueron <strong>373 ni\u00f1os asesinados<\/strong> durante el 2021 en todo el pa\u00eds.<\/p>\n\n\n\n<p>En el a\u00f1o 2020, a\u00f1o de inicio de la pandemia, la tendencia no se modific\u00f3. En <strong>Michoac\u00e1n 28 ni\u00f1os fueron asesinados<\/strong> en distintas regiones del estado. En este a\u00f1o, est\u00e1 entidad alcanz\u00f3 el cuarto lugar nacional en violencia homicida contra los ni\u00f1os.<\/p>\n\n\n\n<p>El estado vecino Guanajuato concentr\u00f3 46 v\u00edctimas menores de 18 a\u00f1os, el <strong>Estado de M\u00e9xico con 41<\/strong> y <strong>Chihuahua <\/strong>en tercer lugar con <strong>30 infantes asesinados<\/strong>. Durante el 2020, a\u00f1o en que el repunte de la violencia impact\u00f3 a todo el pa\u00eds se registraron 410 ni\u00f1os asesinados en todo el pa\u00eds.<\/p>\n\n\n\n<p>La organizaci\u00f3n Causa en Com\u00fan destac\u00f3 el incremento de las atrocidades y de la extrema delincuencia en pr\u00e1cticamente todo el territorio nacional durante los \u00faltimos tres a\u00f1os por efecto de la presencia de los grupos delincuenciales y la guerra por el control de las actividades il\u00edcitas en el pa\u00eds.<\/p>\n\n\n\n<p>Con Informaci\u00f3n de <a href=\"https:\/\/radio-mejor.com\/\">Radio Mejor<\/a><\/p>\n","protected":false},"excerpt":{"rendered":"<p>Por: radio-mejor.com&nbsp; | Al menos 24 ni\u00f1os Michoacanos fueron asesinados durante el 2022. Las condiciones de Violencia impactaron de nueva cuenta al sector de mayor vulnerabilidad en todo el estado de Michoac\u00e1n. En el marco de la entrega de informe de actividades de la Fiscal\u00eda General de Michoac\u00e1n, el fiscal Adri\u00e1n L\u00f3pez Sol\u00eds reconoci\u00f3 que [&hellip;]<\/p>\n","protected":false},"author":1,"featured_media":10079,"comment_status":"closed","ping_status":"closed","sticky":false,"template":"","format":"aside","meta":{"googlesitekit_rrm_CAowytPeCw:productID":"","footnotes":""},"categories":[17],"tags":[60,87,64,103],"class_list":["post-10078","post","type-post","status-publish","format-aside","has-post-thumbnail","hentry","category-estados","tag-delincuencia","tag-homicidios","tag-michoacan","tag-ninos","post_format-post-format-aside"],"yoast_head":"<!-- This site is optimized with the Yoast SEO plugin v27.5 - https:\/\/yoast.com\/product\/yoast-seo-wordpress\/ -->\n<title>M\u00e1s de una veintena de ni\u00f1os asesinados en Michoac\u00e1n |<\/title>\n<meta name=\"description\" content=\"Durante los 12 meses del 2021, Michoac\u00e1n registr\u00f3 32 asesinatos de menores de 18 a\u00f1os, lo cual le coloc\u00f3 en el segundo lugar a nivel nacional\" \/>\n<meta name=\"robots\" content=\"index, follow, max-snippet:-1, max-image-preview:large, max-video-preview:-1\" \/>\n<link rel=\"canonical\" href=\"https:\/\/conexionnacional.mx\/index.php\/2023\/03\/02\/ninos-asesinados-en-michoacan\/\" \/>\n<meta property=\"og:locale\" content=\"es_MX\" \/>\n<meta property=\"og:type\" content=\"article\" \/>\n<meta property=\"og:title\" content=\"M\u00e1s de una veintena de ni\u00f1os asesinados en Michoac\u00e1n |\" \/>\n<meta property=\"og:description\" content=\"Durante los 12 meses del 2021, Michoac\u00e1n registr\u00f3 32 asesinatos de menores de 18 a\u00f1os, lo cual le coloc\u00f3 en el segundo lugar a nivel nacional\" \/>\n<meta property=\"og:url\" content=\"https:\/\/conexionnacional.mx\/index.php\/2023\/03\/02\/ninos-asesinados-en-michoacan\/\" \/>\n<meta property=\"og:site_name\" content=\"Conexi\u00f3n Nacional\" \/>\n<meta property=\"article:publisher\" content=\"https:\/\/www.facebook.com\/cnmxradio\" \/>\n<meta property=\"article:published_time\" content=\"2023-03-02T16:40:13+00:00\" \/>\n<meta property=\"og:image\" content=\"https:\/\/conexionnacional.mx\/wp-content\/uploads\/2023\/03\/Ninos-asesinados.jpg\" \/>\n\t<meta property=\"og:image:width\" content=\"1000\" \/>\n\t<meta property=\"og:image:height\" content=\"600\" \/>\n\t<meta property=\"og:image:type\" content=\"image\/jpeg\" \/>\n<meta name=\"author\" content=\"Conexi\u00f3n Nacional\" \/>\n<meta name=\"twitter:card\" content=\"summary_large_image\" \/>\n<meta name=\"twitter:label1\" content=\"Escrito por\" \/>\n\t<meta name=\"twitter:data1\" content=\"Conexi\u00f3n Nacional\" \/>\n\t<meta name=\"twitter:label2\" content=\"Tiempo de lectura\" \/>\n\t<meta name=\"twitter:data2\" content=\"2 minutos\" \/>\n<script type=\"application\/ld+json\" class=\"yoast-schema-graph\">{\"@context\":\"https:\\\/\\\/schema.org\",\"@graph\":[{\"@type\":\"Article\",\"@id\":\"https:\\\/\\\/conexionnacional.mx\\\/index.php\\\/2023\\\/03\\\/02\\\/ninos-asesinados-en-michoacan\\\/#article\",\"isPartOf\":{\"@id\":\"https:\\\/\\\/conexionnacional.mx\\\/index.php\\\/2023\\\/03\\\/02\\\/ninos-asesinados-en-michoacan\\\/\"},\"author\":{\"name\":\"Conexi\u00f3n Nacional\",\"@id\":\"https:\\\/\\\/conexionnacional.mx\\\/#\\\/schema\\\/person\\\/dd14aeda902120f5e0e021903fdb6931\"},\"headline\":\"M\u00e1s de una veintena de ni\u00f1os asesinados en Michoac\u00e1n\",\"datePublished\":\"2023-03-02T16:40:13+00:00\",\"mainEntityOfPage\":{\"@id\":\"https:\\\/\\\/conexionnacional.mx\\\/index.php\\\/2023\\\/03\\\/02\\\/ninos-asesinados-en-michoacan\\\/\"},\"wordCount\":330,\"publisher\":{\"@id\":\"https:\\\/\\\/conexionnacional.mx\\\/#organization\"},\"image\":{\"@id\":\"https:\\\/\\\/conexionnacional.mx\\\/index.php\\\/2023\\\/03\\\/02\\\/ninos-asesinados-en-michoacan\\\/#primaryimage\"},\"thumbnailUrl\":\"https:\\\/\\\/conexionnacional.mx\\\/wp-content\\\/uploads\\\/2023\\\/03\\\/Ninos-asesinados.jpg\",\"keywords\":[\"delincuencia\",\"homicidios\",\"Michoac\u00e1n\",\"ni\u00f1os\"],\"articleSection\":[\"Estados\"],\"inLanguage\":\"es\"},{\"@type\":\"WebPage\",\"@id\":\"https:\\\/\\\/conexionnacional.mx\\\/index.php\\\/2023\\\/03\\\/02\\\/ninos-asesinados-en-michoacan\\\/\",\"url\":\"https:\\\/\\\/conexionnacional.mx\\\/index.php\\\/2023\\\/03\\\/02\\\/ninos-asesinados-en-michoacan\\\/\",\"name\":\"M\u00e1s de una veintena de ni\u00f1os asesinados en Michoac\u00e1n |\",\"isPartOf\":{\"@id\":\"https:\\\/\\\/conexionnacional.mx\\\/#website\"},\"primaryImageOfPage\":{\"@id\":\"https:\\\/\\\/conexionnacional.mx\\\/index.php\\\/2023\\\/03\\\/02\\\/ninos-asesinados-en-michoacan\\\/#primaryimage\"},\"image\":{\"@id\":\"https:\\\/\\\/conexionnacional.mx\\\/index.php\\\/2023\\\/03\\\/02\\\/ninos-asesinados-en-michoacan\\\/#primaryimage\"},\"thumbnailUrl\":\"https:\\\/\\\/conexionnacional.mx\\\/wp-content\\\/uploads\\\/2023\\\/03\\\/Ninos-asesinados.jpg\",\"datePublished\":\"2023-03-02T16:40:13+00:00\",\"description\":\"Durante los 12 meses del 2021, Michoac\u00e1n registr\u00f3 32 asesinatos de menores de 18 a\u00f1os, lo cual le coloc\u00f3 en el segundo lugar a nivel nacional\",\"breadcrumb\":{\"@id\":\"https:\\\/\\\/conexionnacional.mx\\\/index.php\\\/2023\\\/03\\\/02\\\/ninos-asesinados-en-michoacan\\\/#breadcrumb\"},\"inLanguage\":\"es\",\"potentialAction\":[{\"@type\":\"ReadAction\",\"target\":[\"https:\\\/\\\/conexionnacional.mx\\\/index.php\\\/2023\\\/03\\\/02\\\/ninos-asesinados-en-michoacan\\\/\"]}]},{\"@type\":\"ImageObject\",\"inLanguage\":\"es\",\"@id\":\"https:\\\/\\\/conexionnacional.mx\\\/index.php\\\/2023\\\/03\\\/02\\\/ninos-asesinados-en-michoacan\\\/#primaryimage\",\"url\":\"https:\\\/\\\/conexionnacional.mx\\\/wp-content\\\/uploads\\\/2023\\\/03\\\/Ninos-asesinados.jpg\",\"contentUrl\":\"https:\\\/\\\/conexionnacional.mx\\\/wp-content\\\/uploads\\\/2023\\\/03\\\/Ninos-asesinados.jpg\",\"width\":1000,\"height\":600,\"caption\":\"M\u00e1s de una veintena de ni\u00f1os asesinados en Michoac\u00e1n\"},{\"@type\":\"BreadcrumbList\",\"@id\":\"https:\\\/\\\/conexionnacional.mx\\\/index.php\\\/2023\\\/03\\\/02\\\/ninos-asesinados-en-michoacan\\\/#breadcrumb\",\"itemListElement\":[{\"@type\":\"ListItem\",\"position\":1,\"name\":\"Inicio\",\"item\":\"https:\\\/\\\/conexionnacional.mx\\\/\"},{\"@type\":\"ListItem\",\"position\":2,\"name\":\"M\u00e1s de una veintena de ni\u00f1os asesinados en Michoac\u00e1n\"}]},{\"@type\":\"WebSite\",\"@id\":\"https:\\\/\\\/conexionnacional.mx\\\/#website\",\"url\":\"https:\\\/\\\/conexionnacional.mx\\\/\",\"name\":\"Conexi\u00f3n Nacional\",\"description\":\"Noticias al momento\",\"publisher\":{\"@id\":\"https:\\\/\\\/conexionnacional.mx\\\/#organization\"},\"alternateName\":\"Noticias nacionales\",\"potentialAction\":[{\"@type\":\"SearchAction\",\"target\":{\"@type\":\"EntryPoint\",\"urlTemplate\":\"https:\\\/\\\/conexionnacional.mx\\\/?s={search_term_string}\"},\"query-input\":{\"@type\":\"PropertyValueSpecification\",\"valueRequired\":true,\"valueName\":\"search_term_string\"}}],\"inLanguage\":\"es\"},{\"@type\":\"Organization\",\"@id\":\"https:\\\/\\\/conexionnacional.mx\\\/#organization\",\"name\":\"Conexi\u00f3n Nacional\",\"url\":\"https:\\\/\\\/conexionnacional.mx\\\/\",\"logo\":{\"@type\":\"ImageObject\",\"inLanguage\":\"es\",\"@id\":\"https:\\\/\\\/conexionnacional.mx\\\/#\\\/schema\\\/logo\\\/image\\\/\",\"url\":\"https:\\\/\\\/conexionnacional.mx\\\/wp-content\\\/uploads\\\/2022\\\/09\\\/conexion_nacional.png\",\"contentUrl\":\"https:\\\/\\\/conexionnacional.mx\\\/wp-content\\\/uploads\\\/2022\\\/09\\\/conexion_nacional.png\",\"width\":2964,\"height\":1173,\"caption\":\"Conexi\u00f3n Nacional\"},\"image\":{\"@id\":\"https:\\\/\\\/conexionnacional.mx\\\/#\\\/schema\\\/logo\\\/image\\\/\"},\"sameAs\":[\"https:\\\/\\\/www.facebook.com\\\/cnmxradio\"]},{\"@type\":\"Person\",\"@id\":\"https:\\\/\\\/conexionnacional.mx\\\/#\\\/schema\\\/person\\\/dd14aeda902120f5e0e021903fdb6931\",\"name\":\"Conexi\u00f3n Nacional\",\"image\":{\"@type\":\"ImageObject\",\"inLanguage\":\"es\",\"@id\":\"https:\\\/\\\/secure.gravatar.com\\\/avatar\\\/e523100f284110b2ecca7e17b2be9cf140a5e8f35294c9ec0543e6916cc1f9be?s=96&d=blank&r=g\",\"url\":\"https:\\\/\\\/secure.gravatar.com\\\/avatar\\\/e523100f284110b2ecca7e17b2be9cf140a5e8f35294c9ec0543e6916cc1f9be?s=96&d=blank&r=g\",\"contentUrl\":\"https:\\\/\\\/secure.gravatar.com\\\/avatar\\\/e523100f284110b2ecca7e17b2be9cf140a5e8f35294c9ec0543e6916cc1f9be?s=96&d=blank&r=g\",\"caption\":\"Conexi\u00f3n Nacional\"},\"sameAs\":[\"https:\\\/\\\/conexionnacional.mx\"],\"url\":\"https:\\\/\\\/conexionnacional.mx\\\/index.php\\\/author\\\/administrador\\\/\"}]}<\/script>\n<!-- \/ Yoast SEO plugin. -->","yoast_head_json":{"title":"M\u00e1s de una veintena de ni\u00f1os asesinados en Michoac\u00e1n |","description":"Durante los 12 meses del 2021, Michoac\u00e1n registr\u00f3 32 asesinatos de menores de 18 a\u00f1os, lo cual le coloc\u00f3 en el segundo lugar a nivel nacional","robots":{"index":"index","follow":"follow","max-snippet":"max-snippet:-1","max-image-preview":"max-image-preview:large","max-video-preview":"max-video-preview:-1"},"canonical":"https:\/\/conexionnacional.mx\/index.php\/2023\/03\/02\/ninos-asesinados-en-michoacan\/","og_locale":"es_MX","og_type":"article","og_title":"M\u00e1s de una veintena de ni\u00f1os asesinados en Michoac\u00e1n |","og_description":"Durante los 12 meses del 2021, Michoac\u00e1n registr\u00f3 32 asesinatos de menores de 18 a\u00f1os, lo cual le coloc\u00f3 en el segundo lugar a nivel nacional","og_url":"https:\/\/conexionnacional.mx\/index.php\/2023\/03\/02\/ninos-asesinados-en-michoacan\/","og_site_name":"Conexi\u00f3n Nacional","article_publisher":"https:\/\/www.facebook.com\/cnmxradio","article_published_time":"2023-03-02T16:40:13+00:00","og_image":[{"width":1000,"height":600,"url":"https:\/\/conexionnacional.mx\/wp-content\/uploads\/2023\/03\/Ninos-asesinados.jpg","type":"image\/jpeg"}],"author":"Conexi\u00f3n Nacional","twitter_card":"summary_large_image","twitter_misc":{"Escrito por":"Conexi\u00f3n Nacional","Tiempo de lectura":"2 minutos"},"schema":{"@context":"https:\/\/schema.org","@graph":[{"@type":"Article","@id":"https:\/\/conexionnacional.mx\/index.php\/2023\/03\/02\/ninos-asesinados-en-michoacan\/#article","isPartOf":{"@id":"https:\/\/conexionnacional.mx\/index.php\/2023\/03\/02\/ninos-asesinados-en-michoacan\/"},"author":{"name":"Conexi\u00f3n Nacional","@id":"https:\/\/conexionnacional.mx\/#\/schema\/person\/dd14aeda902120f5e0e021903fdb6931"},"headline":"M\u00e1s de una veintena de ni\u00f1os asesinados en Michoac\u00e1n","datePublished":"2023-03-02T16:40:13+00:00","mainEntityOfPage":{"@id":"https:\/\/conexionnacional.mx\/index.php\/2023\/03\/02\/ninos-asesinados-en-michoacan\/"},"wordCount":330,"publisher":{"@id":"https:\/\/conexionnacional.mx\/#organization"},"image":{"@id":"https:\/\/conexionnacional.mx\/index.php\/2023\/03\/02\/ninos-asesinados-en-michoacan\/#primaryimage"},"thumbnailUrl":"https:\/\/conexionnacional.mx\/wp-content\/uploads\/2023\/03\/Ninos-asesinados.jpg","keywords":["delincuencia","homicidios","Michoac\u00e1n","ni\u00f1os"],"articleSection":["Estados"],"inLanguage":"es"},{"@type":"WebPage","@id":"https:\/\/conexionnacional.mx\/index.php\/2023\/03\/02\/ninos-asesinados-en-michoacan\/","url":"https:\/\/conexionnacional.mx\/index.php\/2023\/03\/02\/ninos-asesinados-en-michoacan\/","name":"M\u00e1s de una veintena de ni\u00f1os asesinados en Michoac\u00e1n |","isPartOf":{"@id":"https:\/\/conexionnacional.mx\/#website"},"primaryImageOfPage":{"@id":"https:\/\/conexionnacional.mx\/index.php\/2023\/03\/02\/ninos-asesinados-en-michoacan\/#primaryimage"},"image":{"@id":"https:\/\/conexionnacional.mx\/index.php\/2023\/03\/02\/ninos-asesinados-en-michoacan\/#primaryimage"},"thumbnailUrl":"https:\/\/conexionnacional.mx\/wp-content\/uploads\/2023\/03\/Ninos-asesinados.jpg","datePublished":"2023-03-02T16:40:13+00:00","description":"Durante los 12 meses del 2021, Michoac\u00e1n registr\u00f3 32 asesinatos de menores de 18 a\u00f1os, lo cual le coloc\u00f3 en el segundo lugar a nivel nacional","breadcrumb":{"@id":"https:\/\/conexionnacional.mx\/index.php\/2023\/03\/02\/ninos-asesinados-en-michoacan\/#breadcrumb"},"inLanguage":"es","potentialAction":[{"@type":"ReadAction","target":["https:\/\/conexionnacional.mx\/index.php\/2023\/03\/02\/ninos-asesinados-en-michoacan\/"]}]},{"@type":"ImageObject","inLanguage":"es","@id":"https:\/\/conexionnacional.mx\/index.php\/2023\/03\/02\/ninos-asesinados-en-michoacan\/#primaryimage","url":"https:\/\/conexionnacional.mx\/wp-content\/uploads\/2023\/03\/Ninos-asesinados.jpg","contentUrl":"https:\/\/conexionnacional.mx\/wp-content\/uploads\/2023\/03\/Ninos-asesinados.jpg","width":1000,"height":600,"caption":"M\u00e1s de una veintena de ni\u00f1os asesinados en Michoac\u00e1n"},{"@type":"BreadcrumbList","@id":"https:\/\/conexionnacional.mx\/index.php\/2023\/03\/02\/ninos-asesinados-en-michoacan\/#breadcrumb","itemListElement":[{"@type":"ListItem","position":1,"name":"Inicio","item":"https:\/\/conexionnacional.mx\/"},{"@type":"ListItem","position":2,"name":"M\u00e1s de una veintena de ni\u00f1os asesinados en Michoac\u00e1n"}]},{"@type":"WebSite","@id":"https:\/\/conexionnacional.mx\/#website","url":"https:\/\/conexionnacional.mx\/","name":"Conexi\u00f3n Nacional","description":"Noticias al momento","publisher":{"@id":"https:\/\/conexionnacional.mx\/#organization"},"alternateName":"Noticias nacionales","potentialAction":[{"@type":"SearchAction","target":{"@type":"EntryPoint","urlTemplate":"https:\/\/conexionnacional.mx\/?s={search_term_string}"},"query-input":{"@type":"PropertyValueSpecification","valueRequired":true,"valueName":"search_term_string"}}],"inLanguage":"es"},{"@type":"Organization","@id":"https:\/\/conexionnacional.mx\/#organization","name":"Conexi\u00f3n Nacional","url":"https:\/\/conexionnacional.mx\/","logo":{"@type":"ImageObject","inLanguage":"es","@id":"https:\/\/conexionnacional.mx\/#\/schema\/logo\/image\/","url":"https:\/\/conexionnacional.mx\/wp-content\/uploads\/2022\/09\/conexion_nacional.png","contentUrl":"https:\/\/conexionnacional.mx\/wp-content\/uploads\/2022\/09\/conexion_nacional.png","width":2964,"height":1173,"caption":"Conexi\u00f3n Nacional"},"image":{"@id":"https:\/\/conexionnacional.mx\/#\/schema\/logo\/image\/"},"sameAs":["https:\/\/www.facebook.com\/cnmxradio"]},{"@type":"Person","@id":"https:\/\/conexionnacional.mx\/#\/schema\/person\/dd14aeda902120f5e0e021903fdb6931","name":"Conexi\u00f3n Nacional","image":{"@type":"ImageObject","inLanguage":"es","@id":"https:\/\/secure.gravatar.com\/avatar\/e523100f284110b2ecca7e17b2be9cf140a5e8f35294c9ec0543e6916cc1f9be?s=96&d=blank&r=g","url":"https:\/\/secure.gravatar.com\/avatar\/e523100f284110b2ecca7e17b2be9cf140a5e8f35294c9ec0543e6916cc1f9be?s=96&d=blank&r=g","contentUrl":"https:\/\/secure.gravatar.com\/avatar\/e523100f284110b2ecca7e17b2be9cf140a5e8f35294c9ec0543e6916cc1f9be?s=96&d=blank&r=g","caption":"Conexi\u00f3n Nacional"},"sameAs":["https:\/\/conexionnacional.mx"],"url":"https:\/\/conexionnacional.mx\/index.php\/author\/administrador\/"}]}},"_links":{"self":[{"href":"https:\/\/conexionnacional.mx\/index.php\/wp-json\/wp\/v2\/posts\/10078","targetHints":{"allow":["GET"]}}],"collection":[{"href":"https:\/\/conexionnacional.mx\/index.php\/wp-json\/wp\/v2\/posts"}],"about":[{"href":"https:\/\/conexionnacional.mx\/index.php\/wp-json\/wp\/v2\/types\/post"}],"author":[{"embeddable":true,"href":"https:\/\/conexionnacional.mx\/index.php\/wp-json\/wp\/v2\/users\/1"}],"replies":[{"embeddable":true,"href":"https:\/\/conexionnacional.mx\/index.php\/wp-json\/wp\/v2\/comments?post=10078"}],"version-history":[{"count":1,"href":"https:\/\/conexionnacional.mx\/index.php\/wp-json\/wp\/v2\/posts\/10078\/revisions"}],"predecessor-version":[{"id":10080,"href":"https:\/\/conexionnacional.mx\/index.php\/wp-json\/wp\/v2\/posts\/10078\/revisions\/10080"}],"wp:featuredmedia":[{"embeddable":true,"href":"https:\/\/conexionnacional.mx\/index.php\/wp-json\/wp\/v2\/media\/10079"}],"wp:attachment":[{"href":"https:\/\/conexionnacional.mx\/index.php\/wp-json\/wp\/v2\/media?parent=10078"}],"wp:term":[{"taxonomy":"category","embeddable":true,"href":"https:\/\/conexionnacional.mx\/index.php\/wp-json\/wp\/v2\/categories?post=10078"},{"taxonomy":"post_tag","embeddable":true,"href":"https:\/\/conexionnacional.mx\/index.php\/wp-json\/wp\/v2\/tags?post=10078"}],"curies":[{"name":"wp","href":"https:\/\/api.w.org\/{rel}","templated":true}]}}